{"id":2623,"date":"2026-03-11T10:58:46","date_gmt":"2026-03-11T10:58:46","guid":{"rendered":"https:\/\/aureaavionics.com\/arrancan-los-edf-info-days-2026-en-bruselas\/"},"modified":"2026-03-11T10:58:46","modified_gmt":"2026-03-11T10:58:46","slug":"arrancan-los-edf-info-days-2026-en-bruselas","status":"publish","type":"post","link":"https:\/\/aureaavionics.com\/es\/arrancan-los-edf-info-days-2026-en-bruselas\/","title":{"rendered":"\u00a1Arrancan los EDF Info Days 2026 en Bruselas!"},"content":{"rendered":"<p>Ayer estuvimos presentes en la inauguraci\u00f3n de los EDF Info Days 2026 en Bruselas, el foro de referencia donde la Comisi\u00f3n Europea traza su hoja de ruta estrat\u00e9gica para los proyectos de defensa m\u00e1s avanzados del a\u00f1o.<\/p>\n<p>Participar en este evento es fundamental para asegurar que nuestra innovaci\u00f3n en UAS est\u00e9 perfectamente alineada con las prioridades del Fondo Europeo de Defensa (FED). Ha sido un comienzo productivo para varias jornadas de networking de alto nivel y colaboraci\u00f3n, reafirmando nuestro compromiso con el fortalecimiento de la autonom\u00eda estrat\u00e9gica y el liderazgo tecnol\u00f3gico de Europa. &#x1f680;<\/p>\n<p>#EDF2026 #AureaAvionics #DefensaEuropea #Innovaci\u00f3n #Bruselas #Networking #UAS #Soberan\u00eda<\/p>\n","protected":false},"excerpt":{"rendered":"<p>Ayer estuvimos presentes en la inauguraci\u00f3n de los EDF Info Days 2026 en Bruselas, el foro de referencia donde la Comisi\u00f3n Europea traza su hoja de ruta estrat\u00e9gica para los proyectos de defensa m\u00e1s avanzados del a\u00f1o. Participar en este evento es fundamental para asegurar que nuestra innovaci\u00f3n en UAS est\u00e9 perfectamente alineada con las [&hellip;]<\/p>\n","protected":false},"author":2,"featured_media":2622,"comment_status":"closed","ping_status":"open","sticky":false,"template":"","format":"standard","meta":{"site-sidebar-layout":"default","site-content-layout":"","ast-site-content-layout":"default","site-content-style":"default","site-sidebar-style":"default","ast-global-header-display":"","ast-banner-title-visibility":"","ast-main-header-display":"","ast-hfb-above-header-display":"","ast-hfb-below-header-display":"","ast-hfb-mobile-header-display":"","site-post-title":"","ast-breadcrumbs-content":"","ast-featured-img":"","footer-sml-layout":"","theme-transparent-header-meta":"default","adv-header-id-meta":"","stick-header-meta":"","header-above-stick-meta":"","header-main-stick-meta":"","header-below-stick-meta":"","astra-migrate-meta-layouts":"default","ast-page-background-enabled":"default","ast-page-background-meta":{"desktop":{"background-color":"var(--ast-global-color-4)","background-image":"","background-repeat":"repeat","background-position":"center center","background-size":"auto","background-attachment":"scroll","background-type":"","background-media":"","overlay-type":"","overlay-color":"","overlay-opacity":"","overlay-gradient":""},"tablet":{"background-color":"","background-image":"","background-repeat":"repeat","background-position":"center center","background-size":"auto","background-attachment":"scroll","background-type":"","background-media":"","overlay-type":"","overlay-color":"","overlay-opacity":"","overlay-gradient":""},"mobile":{"background-color":"","background-image":"","background-repeat":"repeat","background-position":"center center","background-size":"auto","background-attachment":"scroll","background-type":"","background-media":"","overlay-type":"","overlay-color":"","overlay-opacity":"","overlay-gradient":""}},"ast-content-background-meta":{"desktop":{"background-color":"var(--ast-global-color-5)","background-image":"","background-repeat":"repeat","background-position":"center center","background-size":"auto","background-attachment":"scroll","background-type":"","background-media":"","overlay-type":"","overlay-color":"","overlay-opacity":"","overlay-gradient":""},"tablet":{"background-color":"var(--ast-global-color-5)","background-image":"","background-repeat":"repeat","background-position":"center center","background-size":"auto","background-attachment":"scroll","background-type":"","background-media":"","overlay-type":"","overlay-color":"","overlay-opacity":"","overlay-gradient":""},"mobile":{"background-color":"var(--ast-global-color-5)","background-image":"","background-repeat":"repeat","background-position":"center center","background-size":"auto","background-attachment":"scroll","background-type":"","background-media":"","overlay-type":"","overlay-color":"","overlay-opacity":"","overlay-gradient":""}},"_joinchat":[],"footnotes":""},"categories":[11],"tags":[],"class_list":["post-2623","post","type-post","status-publish","format-standard","has-post-thumbnail","hentry","category-noticias"],"yoast_head":"<!-- This site is optimized with the Yoast SEO plugin v25.9 - https:\/\/yoast.com\/wordpress\/plugins\/seo\/ -->\n<title>\u00a1Arrancan los EDF Info Days 2026 en Bruselas! - Aurea Avionics<\/title>\n<meta name=\"robots\" content=\"index, follow, max-snippet:-1, max-image-preview:large, max-video-preview:-1\" \/>\n<link rel=\"canonical\" href=\"https:\/\/aureaavionics.com\/es\/arrancan-los-edf-info-days-2026-en-bruselas\/\" \/>\n<meta property=\"og:locale\" content=\"es_ES\" \/>\n<meta property=\"og:type\" content=\"article\" \/>\n<meta property=\"og:title\" content=\"\u00a1Arrancan los EDF Info Days 2026 en Bruselas! - Aurea Avionics\" \/>\n<meta property=\"og:description\" content=\"Ayer estuvimos presentes en la inauguraci\u00f3n de los EDF Info Days 2026 en Bruselas, el foro de referencia donde la Comisi\u00f3n Europea traza su hoja de ruta estrat\u00e9gica para los proyectos de defensa m\u00e1s avanzados del a\u00f1o. Participar en este evento es fundamental para asegurar que nuestra innovaci\u00f3n en UAS est\u00e9 perfectamente alineada con las [&hellip;]\" \/>\n<meta property=\"og:url\" content=\"https:\/\/aureaavionics.com\/es\/arrancan-los-edf-info-days-2026-en-bruselas\/\" \/>\n<meta property=\"og:site_name\" content=\"Aurea Avionics\" \/>\n<meta property=\"article:published_time\" content=\"2026-03-11T10:58:46+00:00\" \/>\n<meta property=\"og:image\" content=\"https:\/\/aureaavionics.com\/wp-content\/uploads\/2026\/03\/4.-Infodays-Bruselas-scaled.jpg\" \/>\n\t<meta property=\"og:image:width\" content=\"2048\" \/>\n\t<meta property=\"og:image:height\" content=\"2560\" \/>\n\t<meta property=\"og:image:type\" content=\"image\/jpeg\" \/>\n<meta name=\"author\" content=\"pili@adstore.es\" \/>\n<meta name=\"twitter:card\" content=\"summary_large_image\" \/>\n<meta name=\"twitter:creator\" content=\"@AureaAvionics\" \/>\n<meta name=\"twitter:site\" content=\"@AureaAvionics\" \/>\n<meta name=\"twitter:label1\" content=\"Escrito por\" \/>\n\t<meta name=\"twitter:data1\" content=\"pili@adstore.es\" \/>\n\t<meta name=\"twitter:label2\" content=\"Tiempo de lectura\" \/>\n\t<meta name=\"twitter:data2\" content=\"1 minuto\" \/>\n<script type=\"application\/ld+json\" class=\"yoast-schema-graph\">{\"@context\":\"https:\/\/schema.org\",\"@graph\":[{\"@type\":\"Article\",\"@id\":\"https:\/\/aureaavionics.com\/es\/arrancan-los-edf-info-days-2026-en-bruselas\/#article\",\"isPartOf\":{\"@id\":\"https:\/\/aureaavionics.com\/es\/arrancan-los-edf-info-days-2026-en-bruselas\/\"},\"author\":{\"name\":\"pili@adstore.es\",\"@id\":\"https:\/\/aureaavionics.com\/es\/#\/schema\/person\/bf5e840c7585e1e62aec8fd3f9642f95\"},\"headline\":\"\u00a1Arrancan los EDF Info Days 2026 en Bruselas!\",\"datePublished\":\"2026-03-11T10:58:46+00:00\",\"mainEntityOfPage\":{\"@id\":\"https:\/\/aureaavionics.com\/es\/arrancan-los-edf-info-days-2026-en-bruselas\/\"},\"wordCount\":121,\"publisher\":{\"@id\":\"https:\/\/aureaavionics.com\/es\/#organization\"},\"image\":{\"@id\":\"https:\/\/aureaavionics.com\/es\/arrancan-los-edf-info-days-2026-en-bruselas\/#primaryimage\"},\"thumbnailUrl\":\"https:\/\/aureaavionics.com\/wp-content\/uploads\/2026\/03\/4.-Infodays-Bruselas-scaled.jpg\",\"articleSection\":[\"Noticias\"],\"inLanguage\":\"es\"},{\"@type\":\"WebPage\",\"@id\":\"https:\/\/aureaavionics.com\/es\/arrancan-los-edf-info-days-2026-en-bruselas\/\",\"url\":\"https:\/\/aureaavionics.com\/es\/arrancan-los-edf-info-days-2026-en-bruselas\/\",\"name\":\"\u00a1Arrancan los EDF Info Days 2026 en Bruselas! - Aurea Avionics\",\"isPartOf\":{\"@id\":\"https:\/\/aureaavionics.com\/es\/#website\"},\"primaryImageOfPage\":{\"@id\":\"https:\/\/aureaavionics.com\/es\/arrancan-los-edf-info-days-2026-en-bruselas\/#primaryimage\"},\"image\":{\"@id\":\"https:\/\/aureaavionics.com\/es\/arrancan-los-edf-info-days-2026-en-bruselas\/#primaryimage\"},\"thumbnailUrl\":\"https:\/\/aureaavionics.com\/wp-content\/uploads\/2026\/03\/4.-Infodays-Bruselas-scaled.jpg\",\"datePublished\":\"2026-03-11T10:58:46+00:00\",\"breadcrumb\":{\"@id\":\"https:\/\/aureaavionics.com\/es\/arrancan-los-edf-info-days-2026-en-bruselas\/#breadcrumb\"},\"inLanguage\":\"es\",\"potentialAction\":[{\"@type\":\"ReadAction\",\"target\":[\"https:\/\/aureaavionics.com\/es\/arrancan-los-edf-info-days-2026-en-bruselas\/\"]}]},{\"@type\":\"ImageObject\",\"inLanguage\":\"es\",\"@id\":\"https:\/\/aureaavionics.com\/es\/arrancan-los-edf-info-days-2026-en-bruselas\/#primaryimage\",\"url\":\"https:\/\/aureaavionics.com\/wp-content\/uploads\/2026\/03\/4.-Infodays-Bruselas-scaled.jpg\",\"contentUrl\":\"https:\/\/aureaavionics.com\/wp-content\/uploads\/2026\/03\/4.-Infodays-Bruselas-scaled.jpg\",\"width\":2048,\"height\":2560},{\"@type\":\"BreadcrumbList\",\"@id\":\"https:\/\/aureaavionics.com\/es\/arrancan-los-edf-info-days-2026-en-bruselas\/#breadcrumb\",\"itemListElement\":[{\"@type\":\"ListItem\",\"position\":1,\"name\":\"Portada\",\"item\":\"https:\/\/aureaavionics.com\/es\/\"},{\"@type\":\"ListItem\",\"position\":2,\"name\":\"\u00a1Arrancan los EDF Info Days 2026 en Bruselas!\"}]},{\"@type\":\"WebSite\",\"@id\":\"https:\/\/aureaavionics.com\/es\/#website\",\"url\":\"https:\/\/aureaavionics.com\/es\/\",\"name\":\"Aurea Avionics\",\"description\":\"\",\"publisher\":{\"@id\":\"https:\/\/aureaavionics.com\/es\/#organization\"},\"potentialAction\":[{\"@type\":\"SearchAction\",\"target\":{\"@type\":\"EntryPoint\",\"urlTemplate\":\"https:\/\/aureaavionics.com\/es\/?s={search_term_string}\"},\"query-input\":{\"@type\":\"PropertyValueSpecification\",\"valueRequired\":true,\"valueName\":\"search_term_string\"}}],\"inLanguage\":\"es\"},{\"@type\":\"Organization\",\"@id\":\"https:\/\/aureaavionics.com\/es\/#organization\",\"name\":\"Aurea Avionics\",\"url\":\"https:\/\/aureaavionics.com\/es\/\",\"logo\":{\"@type\":\"ImageObject\",\"inLanguage\":\"es\",\"@id\":\"https:\/\/aureaavionics.com\/es\/#\/schema\/logo\/image\/\",\"url\":\"https:\/\/aureaavionics.com\/wp-content\/uploads\/2024\/08\/logo-aurea-avionics.png\",\"contentUrl\":\"https:\/\/aureaavionics.com\/wp-content\/uploads\/2024\/08\/logo-aurea-avionics.png\",\"width\":1499,\"height\":293,\"caption\":\"Aurea Avionics\"},\"image\":{\"@id\":\"https:\/\/aureaavionics.com\/es\/#\/schema\/logo\/image\/\"},\"sameAs\":[\"https:\/\/x.com\/AureaAvionics\",\"https:\/\/www.linkedin.com\/company\/aureaavionics\",\"https:\/\/www.instagram.com\/aureaavionics\/\"]},{\"@type\":\"Person\",\"@id\":\"https:\/\/aureaavionics.com\/es\/#\/schema\/person\/bf5e840c7585e1e62aec8fd3f9642f95\",\"name\":\"pili@adstore.es\",\"url\":\"https:\/\/aureaavionics.com\/es\/author\/piliadstore-es\/\"}]}<\/script>\n<!-- \/ Yoast SEO plugin. -->","yoast_head_json":{"title":"\u00a1Arrancan los EDF Info Days 2026 en Bruselas! - Aurea Avionics","robots":{"index":"index","follow":"follow","max-snippet":"max-snippet:-1","max-image-preview":"max-image-preview:large","max-video-preview":"max-video-preview:-1"},"canonical":"https:\/\/aureaavionics.com\/es\/arrancan-los-edf-info-days-2026-en-bruselas\/","og_locale":"es_ES","og_type":"article","og_title":"\u00a1Arrancan los EDF Info Days 2026 en Bruselas! - Aurea Avionics","og_description":"Ayer estuvimos presentes en la inauguraci\u00f3n de los EDF Info Days 2026 en Bruselas, el foro de referencia donde la Comisi\u00f3n Europea traza su hoja de ruta estrat\u00e9gica para los proyectos de defensa m\u00e1s avanzados del a\u00f1o. Participar en este evento es fundamental para asegurar que nuestra innovaci\u00f3n en UAS est\u00e9 perfectamente alineada con las [&hellip;]","og_url":"https:\/\/aureaavionics.com\/es\/arrancan-los-edf-info-days-2026-en-bruselas\/","og_site_name":"Aurea Avionics","article_published_time":"2026-03-11T10:58:46+00:00","og_image":[{"width":2048,"height":2560,"url":"https:\/\/aureaavionics.com\/wp-content\/uploads\/2026\/03\/4.-Infodays-Bruselas-scaled.jpg","type":"image\/jpeg"}],"author":"pili@adstore.es","twitter_card":"summary_large_image","twitter_creator":"@AureaAvionics","twitter_site":"@AureaAvionics","twitter_misc":{"Escrito por":"pili@adstore.es","Tiempo de lectura":"1 minuto"},"schema":{"@context":"https:\/\/schema.org","@graph":[{"@type":"Article","@id":"https:\/\/aureaavionics.com\/es\/arrancan-los-edf-info-days-2026-en-bruselas\/#article","isPartOf":{"@id":"https:\/\/aureaavionics.com\/es\/arrancan-los-edf-info-days-2026-en-bruselas\/"},"author":{"name":"pili@adstore.es","@id":"https:\/\/aureaavionics.com\/es\/#\/schema\/person\/bf5e840c7585e1e62aec8fd3f9642f95"},"headline":"\u00a1Arrancan los EDF Info Days 2026 en Bruselas!","datePublished":"2026-03-11T10:58:46+00:00","mainEntityOfPage":{"@id":"https:\/\/aureaavionics.com\/es\/arrancan-los-edf-info-days-2026-en-bruselas\/"},"wordCount":121,"publisher":{"@id":"https:\/\/aureaavionics.com\/es\/#organization"},"image":{"@id":"https:\/\/aureaavionics.com\/es\/arrancan-los-edf-info-days-2026-en-bruselas\/#primaryimage"},"thumbnailUrl":"https:\/\/aureaavionics.com\/wp-content\/uploads\/2026\/03\/4.-Infodays-Bruselas-scaled.jpg","articleSection":["Noticias"],"inLanguage":"es"},{"@type":"WebPage","@id":"https:\/\/aureaavionics.com\/es\/arrancan-los-edf-info-days-2026-en-bruselas\/","url":"https:\/\/aureaavionics.com\/es\/arrancan-los-edf-info-days-2026-en-bruselas\/","name":"\u00a1Arrancan los EDF Info Days 2026 en Bruselas! - Aurea Avionics","isPartOf":{"@id":"https:\/\/aureaavionics.com\/es\/#website"},"primaryImageOfPage":{"@id":"https:\/\/aureaavionics.com\/es\/arrancan-los-edf-info-days-2026-en-bruselas\/#primaryimage"},"image":{"@id":"https:\/\/aureaavionics.com\/es\/arrancan-los-edf-info-days-2026-en-bruselas\/#primaryimage"},"thumbnailUrl":"https:\/\/aureaavionics.com\/wp-content\/uploads\/2026\/03\/4.-Infodays-Bruselas-scaled.jpg","datePublished":"2026-03-11T10:58:46+00:00","breadcrumb":{"@id":"https:\/\/aureaavionics.com\/es\/arrancan-los-edf-info-days-2026-en-bruselas\/#breadcrumb"},"inLanguage":"es","potentialAction":[{"@type":"ReadAction","target":["https:\/\/aureaavionics.com\/es\/arrancan-los-edf-info-days-2026-en-bruselas\/"]}]},{"@type":"ImageObject","inLanguage":"es","@id":"https:\/\/aureaavionics.com\/es\/arrancan-los-edf-info-days-2026-en-bruselas\/#primaryimage","url":"https:\/\/aureaavionics.com\/wp-content\/uploads\/2026\/03\/4.-Infodays-Bruselas-scaled.jpg","contentUrl":"https:\/\/aureaavionics.com\/wp-content\/uploads\/2026\/03\/4.-Infodays-Bruselas-scaled.jpg","width":2048,"height":2560},{"@type":"BreadcrumbList","@id":"https:\/\/aureaavionics.com\/es\/arrancan-los-edf-info-days-2026-en-bruselas\/#breadcrumb","itemListElement":[{"@type":"ListItem","position":1,"name":"Portada","item":"https:\/\/aureaavionics.com\/es\/"},{"@type":"ListItem","position":2,"name":"\u00a1Arrancan los EDF Info Days 2026 en Bruselas!"}]},{"@type":"WebSite","@id":"https:\/\/aureaavionics.com\/es\/#website","url":"https:\/\/aureaavionics.com\/es\/","name":"Aurea Avionics","description":"","publisher":{"@id":"https:\/\/aureaavionics.com\/es\/#organization"},"potentialAction":[{"@type":"SearchAction","target":{"@type":"EntryPoint","urlTemplate":"https:\/\/aureaavionics.com\/es\/?s={search_term_string}"},"query-input":{"@type":"PropertyValueSpecification","valueRequired":true,"valueName":"search_term_string"}}],"inLanguage":"es"},{"@type":"Organization","@id":"https:\/\/aureaavionics.com\/es\/#organization","name":"Aurea Avionics","url":"https:\/\/aureaavionics.com\/es\/","logo":{"@type":"ImageObject","inLanguage":"es","@id":"https:\/\/aureaavionics.com\/es\/#\/schema\/logo\/image\/","url":"https:\/\/aureaavionics.com\/wp-content\/uploads\/2024\/08\/logo-aurea-avionics.png","contentUrl":"https:\/\/aureaavionics.com\/wp-content\/uploads\/2024\/08\/logo-aurea-avionics.png","width":1499,"height":293,"caption":"Aurea Avionics"},"image":{"@id":"https:\/\/aureaavionics.com\/es\/#\/schema\/logo\/image\/"},"sameAs":["https:\/\/x.com\/AureaAvionics","https:\/\/www.linkedin.com\/company\/aureaavionics","https:\/\/www.instagram.com\/aureaavionics\/"]},{"@type":"Person","@id":"https:\/\/aureaavionics.com\/es\/#\/schema\/person\/bf5e840c7585e1e62aec8fd3f9642f95","name":"pili@adstore.es","url":"https:\/\/aureaavionics.com\/es\/author\/piliadstore-es\/"}]}},"_links":{"self":[{"href":"https:\/\/aureaavionics.com\/es\/wp-json\/wp\/v2\/posts\/2623","targetHints":{"allow":["GET"]}}],"collection":[{"href":"https:\/\/aureaavionics.com\/es\/wp-json\/wp\/v2\/posts"}],"about":[{"href":"https:\/\/aureaavionics.com\/es\/wp-json\/wp\/v2\/types\/post"}],"author":[{"embeddable":true,"href":"https:\/\/aureaavionics.com\/es\/wp-json\/wp\/v2\/users\/2"}],"replies":[{"embeddable":true,"href":"https:\/\/aureaavionics.com\/es\/wp-json\/wp\/v2\/comments?post=2623"}],"version-history":[{"count":0,"href":"https:\/\/aureaavionics.com\/es\/wp-json\/wp\/v2\/posts\/2623\/revisions"}],"wp:featuredmedia":[{"embeddable":true,"href":"https:\/\/aureaavionics.com\/es\/wp-json\/wp\/v2\/media\/2622"}],"wp:attachment":[{"href":"https:\/\/aureaavionics.com\/es\/wp-json\/wp\/v2\/media?parent=2623"}],"wp:term":[{"taxonomy":"category","embeddable":true,"href":"https:\/\/aureaavionics.com\/es\/wp-json\/wp\/v2\/categories?post=2623"},{"taxonomy":"post_tag","embeddable":true,"href":"https:\/\/aureaavionics.com\/es\/wp-json\/wp\/v2\/tags?post=2623"}],"curies":[{"name":"wp","href":"https:\/\/api.w.org\/{rel}","templated":true}]}}